{"id":31521,"date":"2025-11-21T00:00:00","date_gmt":"2025-11-21T00:00:00","guid":{"rendered":"https:\/\/www.fm.gov.om\/31521\/"},"modified":"2025-12-31T12:20:57","modified_gmt":"2025-12-31T12:20:57","slug":"omans-embassies-celebrate-national-day-around-the-world","status":"publish","type":"post","link":"https:\/\/www.fm.gov.om\/en\/31521\/","title":{"rendered":"Oman&#8217;s Embassies celebrate National Day around the world"},"content":{"rendered":"<p>The Embassies of the Sultanate of Oman around the world marked National Day by holding receptions attended by senior officials in host countries.<\/p>\n<p><img data-opt-id=2047675701  fetchpriority=\"high\" decoding=\"async\" class=\"aligncenter wp-image-99683 size-full\" src=\"https:\/\/mlzlkxvcvliz.i.optimole.com\/cb:ghTT.1f99\/w:auto\/h:auto\/q:mauto\/g:sm\/f:best\/https:\/\/www.fm.gov.om\/wp-content\/uploads\/India-1-1.jpeg\" alt=\"Oman Embassies round the world celebrate National Day\" width=\"522\" height=\"391\" \/><\/p>\n<p>In <strong>India<\/strong>, <a href=\"https:\/\/www.fm.gov.om\/new-delhi\/\" target=\"_blank\" rel=\"noopener\">Oman\u2019s Embassy in New Delhi<\/a> held a reception to mark the National Day. It was attended by Kishan Reddy, Minister of Mines, alongside government officials, Ambassadors, diplomats and Omani students in India.<\/p>\n<p><img data-opt-id=610934401  fetchpriority=\"high\" decoding=\"async\" class=\"aligncenter wp-image-99685 size-full\" src=\"https:\/\/mlzlkxvcvliz.i.optimole.com\/cb:ghTT.1f99\/w:auto\/h:auto\/q:mauto\/g:sm\/f:best\/https:\/\/www.fm.gov.om\/wp-content\/uploads\/India-3-1.jpeg\" alt=\"Oman Embassies round the world celebrate National Day\" width=\"522\" height=\"391\" \/><\/p>\n<p>In <strong>Indonesia<\/strong>, <a href=\"https:\/\/www.fm.gov.om\/jakarta\/\" target=\"_blank\" rel=\"noopener\">Ambassador Sheikh Mohammed Alshanfari, Oman\u2019s Ambassador to Indonesia<\/a>, hosted a reception to mark the National Day. It was attended by Dudi Paruganideh, Minister of Transport, as guest of honour, the Chairman of the Regional Representatives Council, government officials, business figures and members of the diplomatic corps in Jakarta.<\/p>\n<p><img data-opt-id=751956630  data-opt-src=\"https:\/\/mlzlkxvcvliz.i.optimole.com\/cb:ghTT.1f99\/w:auto\/h:auto\/q:mauto\/g:sm\/f:best\/https:\/\/www.fm.gov.om\/wp-content\/uploads\/Jakarta-3-800x533-1.jpeg\"  decoding=\"async\" class=\"aligncenter wp-image-99687 size-fusion-800\" src=\"data:image/svg+xml,%3Csvg%20viewBox%3D%220%200%20100%%20100%%22%20width%3D%22100%%22%20height%3D%22100%%22%20xmlns%3D%22http%3A%2F%2Fwww.w3.org%2F2000%2Fsvg%22%3E%3Crect%20width%3D%22100%%22%20height%3D%22100%%22%20fill%3D%22transparent%22%2F%3E%3C%2Fsvg%3E\" alt=\"Oman Embassies round the world celebrate National Day\" width=\"800\" height=\"533\" \/><\/p>\n<p><img data-opt-id=1533313171  data-opt-src=\"https:\/\/mlzlkxvcvliz.i.optimole.com\/cb:ghTT.1f99\/w:auto\/h:auto\/q:mauto\/g:sm\/f:best\/https:\/\/www.fm.gov.om\/wp-content\/uploads\/Jakarta-2-2-800x533-1.jpeg\"  decoding=\"async\" class=\"aligncenter wp-image-99689 size-fusion-800\" src=\"data:image/svg+xml,%3Csvg%20viewBox%3D%220%200%20100%%20100%%22%20width%3D%22100%%22%20height%3D%22100%%22%20xmlns%3D%22http%3A%2F%2Fwww.w3.org%2F2000%2Fsvg%22%3E%3Crect%20width%3D%22100%%22%20height%3D%22100%%22%20fill%3D%22transparent%22%2F%3E%3C%2Fsvg%3E\" alt=\"Oman Embassies round the world celebrate National Day\" width=\"800\" height=\"533\" \/><\/p>\n<p>In <strong>Lebanon<\/strong>, <a href=\"https:\/\/www.fm.gov.om\/beirut\/\" target=\"_blank\" rel=\"noopener\">Ambassador Ahmed Alsaidi<\/a> hosted a reception in Beirut to mark the National Day. Dr Amer Al Basat, Minister of Economy and Trade, represented the President and the Prime Minister, while MP Qablan Qablan represented the Speaker of Parliament. The event was attended by ministers, members of parliament, Ambassadors and other guests.<\/p>\n<p><img data-opt-id=532755408  data-opt-src=\"https:\/\/mlzlkxvcvliz.i.optimole.com\/cb:ghTT.1f99\/w:auto\/h:auto\/q:mauto\/g:sm\/f:best\/https:\/\/www.fm.gov.om\/wp-content\/uploads\/Lebanon-1-800x533-1.jpeg\"  decoding=\"async\" class=\"aligncenter wp-image-99691 size-fusion-800\" src=\"data:image/svg+xml,%3Csvg%20viewBox%3D%220%200%20100%%20100%%22%20width%3D%22100%%22%20height%3D%22100%%22%20xmlns%3D%22http%3A%2F%2Fwww.w3.org%2F2000%2Fsvg%22%3E%3Crect%20width%3D%22100%%22%20height%3D%22100%%22%20fill%3D%22transparent%22%2F%3E%3C%2Fsvg%3E\" alt=\"Oman Embassies round the world celebrate National Day\" width=\"800\" height=\"533\" \/><\/p>\n<p><img data-opt-id=1848783639  data-opt-src=\"https:\/\/mlzlkxvcvliz.i.optimole.com\/cb:ghTT.1f99\/w:auto\/h:auto\/q:mauto\/g:sm\/f:best\/https:\/\/www.fm.gov.om\/wp-content\/uploads\/Lebanon-2-800x533-1.jpeg\"  decoding=\"async\" class=\"aligncenter wp-image-99693 size-fusion-800\" src=\"data:image/svg+xml,%3Csvg%20viewBox%3D%220%200%20100%%20100%%22%20width%3D%22100%%22%20height%3D%22100%%22%20xmlns%3D%22http%3A%2F%2Fwww.w3.org%2F2000%2Fsvg%22%3E%3Crect%20width%3D%22100%%22%20height%3D%22100%%22%20fill%3D%22transparent%22%2F%3E%3C%2Fsvg%3E\" alt=\"Oman Embassies round the world celebrate National Day\" width=\"800\" height=\"533\" \/><\/p>\n<p>In the <strong>Philippines<\/strong>, <a href=\"https:\/\/www.fm.gov.om\/manila\/\" target=\"_blank\" rel=\"noopener\">Oman\u2019s Embassy in Manila<\/a> held a reception to mark the National Day. The event was attended by Maria Theresa De Vega, Undersecretary for Administrative Affairs, Germinia Usudan, Assistant Secretary for Middle East and Africa Affairs, and Ariel R Peniaranda, Assistant Secretary for Protocol.<\/p>\n<p><img data-opt-id=1386434066  data-opt-src=\"https:\/\/mlzlkxvcvliz.i.optimole.com\/cb:ghTT.1f99\/w:auto\/h:auto\/q:mauto\/g:sm\/f:best\/https:\/\/www.fm.gov.om\/wp-content\/uploads\/Manila-2-3-800x450-1.jpeg\"  decoding=\"async\" class=\"aligncenter wp-image-99696 size-fusion-800\" src=\"data:image/svg+xml,%3Csvg%20viewBox%3D%220%200%20100%%20100%%22%20width%3D%22100%%22%20height%3D%22100%%22%20xmlns%3D%22http%3A%2F%2Fwww.w3.org%2F2000%2Fsvg%22%3E%3Crect%20width%3D%22100%%22%20height%3D%22100%%22%20fill%3D%22transparent%22%2F%3E%3C%2Fsvg%3E\" alt=\"Oman Embassies round the world celebrate National Day\" width=\"800\" height=\"450\" \/><\/p>\n<p><img data-opt-id=378336836  data-opt-src=\"https:\/\/mlzlkxvcvliz.i.optimole.com\/cb:ghTT.1f99\/w:auto\/h:auto\/q:mauto\/g:sm\/f:best\/https:\/\/www.fm.gov.om\/wp-content\/uploads\/Manila-9-800x450-1.jpeg\"  decoding=\"async\" class=\"aligncenter wp-image-99700 size-fusion-800\" src=\"data:image/svg+xml,%3Csvg%20viewBox%3D%220%200%20100%%20100%%22%20width%3D%22100%%22%20height%3D%22100%%22%20xmlns%3D%22http%3A%2F%2Fwww.w3.org%2F2000%2Fsvg%22%3E%3Crect%20width%3D%22100%%22%20height%3D%22100%%22%20fill%3D%22transparent%22%2F%3E%3C%2Fsvg%3E\" alt=\"Oman Embassies round the world celebrate National Day\" width=\"800\" height=\"450\" \/><\/p>\n<p>The reception was also attended by Leo M Herrera-Lim, Undersecretary for Migration Affairs, along with representatives of the Philippine government, senior figures from the public and private sectors, and heads of missions and members of the diplomatic corps.<\/p>\n<p><img data-opt-id=552899798  data-opt-src=\"https:\/\/mlzlkxvcvliz.i.optimole.com\/cb:ghTT.1f99\/w:auto\/h:auto\/q:mauto\/g:sm\/f:best\/https:\/\/www.fm.gov.om\/wp-content\/uploads\/Manila-3-2-800x450-1.jpeg\"  decoding=\"async\" class=\"aligncenter wp-image-99698 size-fusion-800\" src=\"data:image/svg+xml,%3Csvg%20viewBox%3D%220%200%20100%%20100%%22%20width%3D%22100%%22%20height%3D%22100%%22%20xmlns%3D%22http%3A%2F%2Fwww.w3.org%2F2000%2Fsvg%22%3E%3Crect%20width%3D%22100%%22%20height%3D%22100%%22%20fill%3D%22transparent%22%2F%3E%3C%2Fsvg%3E\" alt=\"Oman Embassies round the world celebrate National Day\" width=\"800\" height=\"450\" \/><br \/>\n<img data-opt-id=469791055  data-opt-src=\"https:\/\/mlzlkxvcvliz.i.optimole.com\/cb:ghTT.1f99\/w:auto\/h:auto\/q:mauto\/g:sm\/f:best\/https:\/\/www.fm.gov.om\/wp-content\/uploads\/Manila-4-2-800x450-1.jpeg\"  decoding=\"async\" class=\"aligncenter wp-image-99702 size-fusion-800\" src=\"data:image/svg+xml,%3Csvg%20viewBox%3D%220%200%20100%%20100%%22%20width%3D%22100%%22%20height%3D%22100%%22%20xmlns%3D%22http%3A%2F%2Fwww.w3.org%2F2000%2Fsvg%22%3E%3Crect%20width%3D%22100%%22%20height%3D%22100%%22%20fill%3D%22transparent%22%2F%3E%3C%2Fsvg%3E\" alt=\"Oman Embassies round the world celebrate National Day\" width=\"800\" height=\"450\" \/><\/p>\n<p>In <strong>Mauritania<\/strong>, <a href=\"https:\/\/www.fm.gov.om\/nouakchott\/\" target=\"_blank\" rel=\"noopener\">Ambassador\u00a0Jassim Alsaadi, Head of Mission<\/a>, hosted a reception at the Fessek Hotel in Nouakchott to mark National Day. It was attended by the Minister of Justice as guest of honour, accompanied by ministers, senior officials and members of the diplomatic corps in Nouakchott.<\/p>\n<p><img data-opt-id=2034171719  data-opt-src=\"https:\/\/mlzlkxvcvliz.i.optimole.com\/cb:ghTT.1f99\/w:auto\/h:auto\/q:mauto\/g:sm\/f:best\/https:\/\/www.fm.gov.om\/wp-content\/uploads\/Mauritania-2-1-800x600-1.jpeg\"  decoding=\"async\" class=\"aligncenter wp-image-99704 size-fusion-800\" src=\"data:image/svg+xml,%3Csvg%20viewBox%3D%220%200%20100%%20100%%22%20width%3D%22100%%22%20height%3D%22100%%22%20xmlns%3D%22http%3A%2F%2Fwww.w3.org%2F2000%2Fsvg%22%3E%3Crect%20width%3D%22100%%22%20height%3D%22100%%22%20fill%3D%22transparent%22%2F%3E%3C%2Fsvg%3E\" alt=\"Oman Embassies round the world celebrate National Day\" width=\"800\" height=\"600\" \/><\/p>\n<p>In <strong>T\u00fcrkiye<\/strong>, <a href=\"https:\/\/www.fm.gov.om\/ankara\/\" target=\"_blank\" rel=\"noopener\">Oman\u2019s Embassy in Ankara<\/a> marked the National Day with a large official and diplomatic gathering.<\/p>\n<p><img data-opt-id=1004651579  data-opt-src=\"https:\/\/mlzlkxvcvliz.i.optimole.com\/cb:ghTT.1f99\/w:auto\/h:auto\/q:mauto\/g:sm\/f:best\/https:\/\/www.fm.gov.om\/wp-content\/uploads\/Ankara-2-2-800x533-1.jpeg\"  decoding=\"async\" class=\"aligncenter wp-image-99708 size-fusion-800\" src=\"data:image/svg+xml,%3Csvg%20viewBox%3D%220%200%20100%%20100%%22%20width%3D%22100%%22%20height%3D%22100%%22%20xmlns%3D%22http%3A%2F%2Fwww.w3.org%2F2000%2Fsvg%22%3E%3Crect%20width%3D%22100%%22%20height%3D%22100%%22%20fill%3D%22transparent%22%2F%3E%3C%2Fsvg%3E\" alt=\"Oman Embassies round the world celebrate National Day\" width=\"800\" height=\"533\" \/><\/p>\n<p><img data-opt-id=1897059314  data-opt-src=\"https:\/\/mlzlkxvcvliz.i.optimole.com\/cb:ghTT.1f99\/w:auto\/h:auto\/q:mauto\/g:sm\/f:best\/https:\/\/www.fm.gov.om\/wp-content\/uploads\/Ankara-3-800x533-1.jpeg\"  decoding=\"async\" class=\"aligncenter wp-image-99710 size-fusion-800\" src=\"data:image/svg+xml,%3Csvg%20viewBox%3D%220%200%20100%%20100%%22%20width%3D%22100%%22%20height%3D%22100%%22%20xmlns%3D%22http%3A%2F%2Fwww.w3.org%2F2000%2Fsvg%22%3E%3Crect%20width%3D%22100%%22%20height%3D%22100%%22%20fill%3D%22transparent%22%2F%3E%3C%2Fsvg%3E\" alt=\"Oman Embassies round the world celebrate National Day\" width=\"800\" height=\"533\" \/><\/p>\n<p>The reception was attended by Mehmet \u015eim\u015fek, Minister of Treasury and Finance in T\u00fcrkiye, as guest of honour, along with officials from the Turkish government.<\/p>\n<p><img data-opt-id=71147406  data-opt-src=\"https:\/\/mlzlkxvcvliz.i.optimole.com\/cb:ghTT.1f99\/w:auto\/h:auto\/q:mauto\/g:sm\/f:best\/https:\/\/www.fm.gov.om\/wp-content\/uploads\/Ankara-4-1-800x533-1.jpeg\"  decoding=\"async\" class=\"aligncenter wp-image-99714 size-fusion-800\" src=\"data:image/svg+xml,%3Csvg%20viewBox%3D%220%200%20100%%20100%%22%20width%3D%22100%%22%20height%3D%22100%%22%20xmlns%3D%22http%3A%2F%2Fwww.w3.org%2F2000%2Fsvg%22%3E%3Crect%20width%3D%22100%%22%20height%3D%22100%%22%20fill%3D%22transparent%22%2F%3E%3C%2Fsvg%3E\" alt=\"Oman Embassies round the world celebrate National Day\" width=\"800\" height=\"533\" \/><\/p>\n<p>This is an unofficial English version of an Arabic report. To view the official Arabic text, click <a href=\"https:\/\/www.fm.gov.om\/%d8%b3%d9%81%d8%a7%d8%b1%d8%a7%d8%aa-%d8%b3%d9%84%d8%b7%d9%86%d8%a9-%d8%b9%d9%85%d8%a7%d9%86-%d8%ad%d9%88%d9%84-%d8%a7%d9%84%d8%b9%d8%a7%d9%84%d9%85-%d8%aa%d8%ad%d8%aa%d9%81%d9%84-%d8%a8%d8%a7%d9%84\/?lang=ar\" target=\"_blank\" rel=\"noopener\">here<\/a>.<\/p>\n","protected":false},"excerpt":{"rendered":"<p>The Embassies held receptions attended by ministers, diplomats and senior officials in their host countries.<\/p>\n","protected":false},"author":1,"featured_media":31523,"comment_status":"closed","ping_status":"closed","sticky":false,"template":"","format":"standard","meta":{"_acf_changed":false,"footnotes":""},"categories":[76,111],"tags":[256],"class_list":["post-31521","post","type-post","status-publish","format-standard","has-post-thumbnail","hentry","category-news-posts-and-videos","category-news","tag-his-majesty-sultan-haitham-en"],"acf":[],"_links":{"self":[{"href":"https:\/\/www.fm.gov.om\/en\/wp-json\/wp\/v2\/posts\/31521","targetHints":{"allow":["GET"]}}],"collection":[{"href":"https:\/\/www.fm.gov.om\/en\/wp-json\/wp\/v2\/posts"}],"about":[{"href":"https:\/\/www.fm.gov.om\/en\/wp-json\/wp\/v2\/types\/post"}],"author":[{"embeddable":true,"href":"https:\/\/www.fm.gov.om\/en\/wp-json\/wp\/v2\/users\/1"}],"replies":[{"embeddable":true,"href":"https:\/\/www.fm.gov.om\/en\/wp-json\/wp\/v2\/comments?post=31521"}],"version-history":[{"count":2,"href":"https:\/\/www.fm.gov.om\/en\/wp-json\/wp\/v2\/posts\/31521\/revisions"}],"predecessor-version":[{"id":31895,"href":"https:\/\/www.fm.gov.om\/en\/wp-json\/wp\/v2\/posts\/31521\/revisions\/31895"}],"wp:featuredmedia":[{"embeddable":true,"href":"https:\/\/www.fm.gov.om\/en\/wp-json\/wp\/v2\/media\/31523"}],"wp:attachment":[{"href":"https:\/\/www.fm.gov.om\/en\/wp-json\/wp\/v2\/media?parent=31521"}],"wp:term":[{"taxonomy":"category","embeddable":true,"href":"https:\/\/www.fm.gov.om\/en\/wp-json\/wp\/v2\/categories?post=31521"},{"taxonomy":"post_tag","embeddable":true,"href":"https:\/\/www.fm.gov.om\/en\/wp-json\/wp\/v2\/tags?post=31521"}],"curies":[{"name":"wp","href":"https:\/\/api.w.org\/{rel}","templated":true}]}}