{"id":29668,"date":"2025-10-23T00:00:00","date_gmt":"2025-10-23T00:00:00","guid":{"rendered":"https:\/\/www.fm.gov.om\/29668\/"},"modified":"2025-12-31T12:20:20","modified_gmt":"2025-12-31T12:20:20","slug":"president-of-turkiye-concludes-his-visit-to-oman","status":"publish","type":"post","link":"https:\/\/www.fm.gov.om\/en\/29668\/","title":{"rendered":"President of T\u00fcrkiye concludes his visit to Oman"},"content":{"rendered":"<p>President Recep Tayyip Erdo\u011fan of the Republic of T\u00fcrkiye, his Spouse Emine Erdogan and his accompanying delegation left Muscat, following a two-day state visit to the Sultanate of Oman.<\/p>\n<p><img data-opt-id=173620025  fetchpriority=\"high\" decoding=\"async\" class=\"aligncenter wp-image-96260 size-fusion-800\" src=\"https:\/\/mlzlkxvcvliz.i.optimole.com\/cb:ghTT.1f99\/w:auto\/h:auto\/q:mauto\/g:sm\/f:best\/https:\/\/www.fm.gov.om\/wp-content\/uploads\/Departure-1-800x512-1.jpeg\" alt=\"President of T\u00fcrkiye concludes his visit to Oman\" width=\"800\" height=\"512\" \/><\/p>\n<p>They were seen off at the Royal Airport by His Highness Sayyid Shihab bin Tarik Al Said, Deputy Prime Minister for Defence Affairs.<\/p>\n<p><img data-opt-id=1943082008  fetchpriority=\"high\" decoding=\"async\" class=\"aligncenter wp-image-96262 size-fusion-800\" src=\"https:\/\/mlzlkxvcvliz.i.optimole.com\/cb:ghTT.1f99\/w:auto\/h:auto\/q:mauto\/g:sm\/f:best\/https:\/\/www.fm.gov.om\/wp-content\/uploads\/Departure-3-3-800x540-1.jpeg\" alt=\"President of T\u00fcrkiye concludes his visit to Oman\" width=\"800\" height=\"540\" \/><\/p>\n<p>The Turkish President was accompanied during his visit to the Sultanate of Oman by a high-level official delegation.<\/p>\n<p><img data-opt-id=510067891  data-opt-src=\"https:\/\/mlzlkxvcvliz.i.optimole.com\/cb:ghTT.1f99\/w:auto\/h:auto\/q:mauto\/g:sm\/f:best\/https:\/\/www.fm.gov.om\/wp-content\/uploads\/Departure-4-2-800x502-1.jpeg\"  decoding=\"async\" class=\"aligncenter wp-image-96264 size-fusion-800\" src=\"data:image/svg+xml,%3Csvg%20viewBox%3D%220%200%20100%%20100%%22%20width%3D%22100%%22%20height%3D%22100%%22%20xmlns%3D%22http%3A%2F%2Fwww.w3.org%2F2000%2Fsvg%22%3E%3Crect%20width%3D%22100%%22%20height%3D%22100%%22%20fill%3D%22transparent%22%2F%3E%3C%2Fsvg%3E\" alt=\"President of T\u00fcrkiye concludes his visit to Oman\" width=\"800\" height=\"502\" \/><\/p>\n<p>This is an unofficial English version of an Arabic report. To view the official Arabic text, click <a href=\"https:\/\/www.fm.gov.om\/%d9%81%d8%ae%d8%a7%d9%85%d8%a9-%d8%a7%d9%84%d8%b1%d8%a6%d9%8a%d8%b3-%d8%a7%d9%84%d8%aa%d8%b1%d9%83%d9%8a-%d9%8a%d8%ae%d8%aa%d8%aa%d9%85-%d8%b2%d9%8a%d8%a7%d8%b1%d8%aa%d9%87-%d9%84%d8%b3%d9%84%d8%b7\/?lang=ar\" target=\"_blank\" rel=\"noopener\">here<\/a>.<\/p>\n","protected":false},"excerpt":{"rendered":"<p>President  Erdo\u011fan and his accompanying delegation left Muscat following a two-day state visit to Oman.<\/p>\n","protected":false},"author":1,"featured_media":29669,"comment_status":"closed","ping_status":"closed","sticky":false,"template":"","format":"standard","meta":{"_acf_changed":false,"footnotes":""},"categories":[76,111],"tags":[351],"class_list":["post-29668","post","type-post","status-publish","format-standard","has-post-thumbnail","hentry","category-news-posts-and-videos","category-news","tag-turkiye-en"],"acf":[],"_links":{"self":[{"href":"https:\/\/www.fm.gov.om\/en\/wp-json\/wp\/v2\/posts\/29668","targetHints":{"allow":["GET"]}}],"collection":[{"href":"https:\/\/www.fm.gov.om\/en\/wp-json\/wp\/v2\/posts"}],"about":[{"href":"https:\/\/www.fm.gov.om\/en\/wp-json\/wp\/v2\/types\/post"}],"author":[{"embeddable":true,"href":"https:\/\/www.fm.gov.om\/en\/wp-json\/wp\/v2\/users\/1"}],"replies":[{"embeddable":true,"href":"https:\/\/www.fm.gov.om\/en\/wp-json\/wp\/v2\/comments?post=29668"}],"version-history":[{"count":2,"href":"https:\/\/www.fm.gov.om\/en\/wp-json\/wp\/v2\/posts\/29668\/revisions"}],"predecessor-version":[{"id":29973,"href":"https:\/\/www.fm.gov.om\/en\/wp-json\/wp\/v2\/posts\/29668\/revisions\/29973"}],"wp:featuredmedia":[{"embeddable":true,"href":"https:\/\/www.fm.gov.om\/en\/wp-json\/wp\/v2\/media\/29669"}],"wp:attachment":[{"href":"https:\/\/www.fm.gov.om\/en\/wp-json\/wp\/v2\/media?parent=29668"}],"wp:term":[{"taxonomy":"category","embeddable":true,"href":"https:\/\/www.fm.gov.om\/en\/wp-json\/wp\/v2\/categories?post=29668"},{"taxonomy":"post_tag","embeddable":true,"href":"https:\/\/www.fm.gov.om\/en\/wp-json\/wp\/v2\/tags?post=29668"}],"curies":[{"name":"wp","href":"https:\/\/api.w.org\/{rel}","templated":true}]}}