{"id":29658,"date":"2025-10-23T00:00:00","date_gmt":"2025-10-23T00:00:00","guid":{"rendered":"https:\/\/www.fm.gov.om\/29658\/"},"modified":"2025-12-31T12:20:20","modified_gmt":"2025-12-31T12:20:20","slug":"his-majesty-and-turkish-president-preside-at-signing-ceremony","status":"publish","type":"post","link":"https:\/\/www.fm.gov.om\/en\/29658\/","title":{"rendered":"His Majesty and Turkish President preside at signing ceremony"},"content":{"rendered":"<p><a href=\"https:\/\/fm.gov.om\/about-oman\/state\/head-of-state\/\" target=\"_blank\" rel=\"noopener\">His Majesty Sultan Haitham bin Tarik<\/a> and President Recep Tayyip Erdo\u011fan of the Republic of T\u00fcrkiye presided over a ceremony at Al Alam Palace that saw the signing of a joint declaration and communiqu\u00e9, six agreements and eight memoranda of understanding (MoUs).<\/p>\n<p>The ceremony took place within the context of the Turkish President\u2019s state visit to the Sultanate of Oman.<\/p>\n<p><img data-opt-id=1791260487  fetchpriority=\"high\" decoding=\"async\" class=\"aligncenter wp-image-96221 size-fusion-800\" src=\"https:\/\/mlzlkxvcvliz.i.optimole.com\/cb:ghTT.1f99\/w:auto\/h:auto\/q:mauto\/g:sm\/f:best\/https:\/\/www.fm.gov.om\/wp-content\/uploads\/Signing-2-800x578-1.jpeg\" alt=\"His Majesty and Turkish President grace signing of Joint Declaration, Communique, Agreements\" width=\"800\" height=\"578\" \/><\/p>\n<p>The signings included the signing of an agreement establishing the Omani-Turkish Coordinating Council. In addition, capital participation agreements were signed between Amber Limited (a special purpose company owned by Oman Investment Authority and the Turkish OYAK Fund) and the Turkish OYAK Fund. A capital participation agreement was also signed between the Uzbek-Omani Company (Uzbek Oman) and the Turkish OYAK Fund.<\/p>\n<p>Additional agreements covered cooperation between Oman Food Investment Holding Company (Nitaj) and the OYAK Holding for Food and Agriculture, and cooperation between Oman Data Company and the Turkish information technology firm Inovance. A further cooperation agreement was also signed between the Government of Oman and the Government of T\u00fcrkiye regarding the allocation of land for the Turkish Maarif Foundation to establish an educational institution. There was also an agreement signed regarding a partnership between Sinan Advanced Industries and the Turkish company ASELSAN.<\/p>\n<p><img data-opt-id=1010997440  fetchpriority=\"high\" decoding=\"async\" class=\"aligncenter wp-image-96223 size-fusion-800\" src=\"https:\/\/mlzlkxvcvliz.i.optimole.com\/cb:ghTT.1f99\/w:auto\/h:auto\/q:mauto\/g:sm\/f:best\/https:\/\/www.fm.gov.om\/wp-content\/uploads\/Signing-4-800x574-1.jpeg\" alt=\"His Majesty and Turkish President grace signing of Joint Declaration, Communique, Agreements\" width=\"800\" height=\"574\" \/><\/p>\n<p><img data-opt-id=2121970221  data-opt-src=\"https:\/\/mlzlkxvcvliz.i.optimole.com\/cb:ghTT.1f99\/w:auto\/h:auto\/q:mauto\/g:sm\/f:best\/https:\/\/www.fm.gov.om\/wp-content\/uploads\/Signing-3-800x533-1.jpeg\"  decoding=\"async\" class=\"aligncenter wp-image-96225 size-fusion-800\" src=\"data:image/svg+xml,%3Csvg%20viewBox%3D%220%200%20100%%20100%%22%20width%3D%22100%%22%20height%3D%22100%%22%20xmlns%3D%22http%3A%2F%2Fwww.w3.org%2F2000%2Fsvg%22%3E%3Crect%20width%3D%22100%%22%20height%3D%22100%%22%20fill%3D%22transparent%22%2F%3E%3C%2Fsvg%3E\" alt=\"His Majesty and Turkish President grace signing of Joint Declaration, Communique, Agreements\" width=\"800\" height=\"533\" \/><\/p>\n<p>The MoUs that were signed cover military collaboration and defence industries, technology, innovation and strategic cooperation between Oman Investment Authority and T\u00fcrkiye Wealth Fund. They also cover cooperation in fields of mining and rare minerals.<\/p>\n<p>A memorandum of understanding in the fields of media and communications was also signed between Oman&#8217;s \u00a0Ministry of Information and the Communications Directorate of the Presidency of the Republic of T\u00fcrkiye<\/p>\n<p>Signing on behalf of the Omani government were:<a href=\"https:\/\/www.fm.gov.om\/ministry\/about-us\/key-figures\/\" target=\"_blank\" rel=\"noopener\"> Sayyid Badr bin Hamad Albusaidi, Foreign Minister<\/a>; Dr Abdullah bin Nasser Al Harrasi, Minister of Information; Abdulsalam bin Mohammed Al Murshidi, President of <a href=\"https:\/\/www.oia.gov.om\/en\" target=\"_blank\" rel=\"noopener\">Oman Investment Authority<\/a>; <a href=\"https:\/\/tejarah.gov.om\/en\/about\/who-we-are\" target=\"_blank\" rel=\"noopener\">Qais bin Mohammed Al Yousef, Minister of Commerce, Industry and Investment Promotion<\/a>; Dr Khalfan bin Said Al Shuaili, Minister of Housing and Urban Planning; Engineer Salim bin Nasser Al Aufi, Minister of Energy and Minerals; Dr Mohammed bin Nasser Al Zaabi, Secretary General of the Ministry of Defence; and Majid bin Sultan Al Hinai, CEO of Sinan Advanced Industries.<\/p>\n<p><img data-opt-id=951018553  data-opt-src=\"https:\/\/mlzlkxvcvliz.i.optimole.com\/cb:ghTT.1f99\/w:auto\/h:auto\/q:mauto\/g:sm\/f:best\/https:\/\/www.fm.gov.om\/wp-content\/uploads\/Signing-5-800x533-1.jpeg\"  decoding=\"async\" class=\"aligncenter wp-image-96228 size-fusion-800\" src=\"data:image/svg+xml,%3Csvg%20viewBox%3D%220%200%20100%%20100%%22%20width%3D%22100%%22%20height%3D%22100%%22%20xmlns%3D%22http%3A%2F%2Fwww.w3.org%2F2000%2Fsvg%22%3E%3Crect%20width%3D%22100%%22%20height%3D%22100%%22%20fill%3D%22transparent%22%2F%3E%3C%2Fsvg%3E\" alt=\"His Majesty and Turkish President grace signing of Joint Declaration, Communique, Agreements\" width=\"800\" height=\"533\" \/><\/p>\n<p><img data-opt-id=1728569562  data-opt-src=\"https:\/\/mlzlkxvcvliz.i.optimole.com\/cb:ghTT.1f99\/w:auto\/h:auto\/q:mauto\/g:sm\/f:best\/https:\/\/www.fm.gov.om\/wp-content\/uploads\/Signing-6-800x570-1.jpeg\"  decoding=\"async\" class=\"aligncenter wp-image-96230 size-fusion-800\" src=\"data:image/svg+xml,%3Csvg%20viewBox%3D%220%200%20100%%20100%%22%20width%3D%22100%%22%20height%3D%22100%%22%20xmlns%3D%22http%3A%2F%2Fwww.w3.org%2F2000%2Fsvg%22%3E%3Crect%20width%3D%22100%%22%20height%3D%22100%%22%20fill%3D%22transparent%22%2F%3E%3C%2Fsvg%3E\" alt=\"His Majesty and Turkish President grace signing of Joint Declaration, Communique, Agreements\" width=\"800\" height=\"570\" \/><\/p>\n<p>Signing on behalf of the Turkish government were: <a href=\"https:\/\/www.mfa.gov.tr\/minister-of-fa-info.en.mfa\" target=\"_blank\" rel=\"noopener\">Hakan Fidan, Minister of Foreign Affairs<\/a>; Yasar Guler, Minister of Defence; Haluk Gorgun, President of the Defence Industries; \u00a0Burhanettin Duran, Head of the Presidential Communications Directorate; Omer Bolat, Minister of Trade; Mehmet Fatih Kac\u0131r, Minister of Industry and Technology; Murat Yal\u00e7\u0131nta\u015f, General Manager of OYAK Group; Mahmut M. Ozdil, Chairman of Turkish Maarif Foundation; Alparslan Bayraktar, Minister of Energy and Natural Resources, Murat Yal\u00e7\u0131nta\u015f, General Manager of ASELSAN Company.<\/p>\n<p><img data-opt-id=2094973041  data-opt-src=\"https:\/\/mlzlkxvcvliz.i.optimole.com\/cb:ghTT.1f99\/w:auto\/h:auto\/q:mauto\/g:sm\/f:best\/https:\/\/www.fm.gov.om\/wp-content\/uploads\/Signing-7-800x563-1.jpeg\"  decoding=\"async\" class=\"aligncenter wp-image-96232 size-fusion-800\" src=\"data:image/svg+xml,%3Csvg%20viewBox%3D%220%200%20100%%20100%%22%20width%3D%22100%%22%20height%3D%22100%%22%20xmlns%3D%22http%3A%2F%2Fwww.w3.org%2F2000%2Fsvg%22%3E%3Crect%20width%3D%22100%%22%20height%3D%22100%%22%20fill%3D%22transparent%22%2F%3E%3C%2Fsvg%3E\" alt=\"His Majesty and Turkish President grace signing of Joint Declaration, Communique, Agreements\" width=\"800\" height=\"563\" \/><\/p>\n<p><img data-opt-id=1003142615  data-opt-src=\"https:\/\/mlzlkxvcvliz.i.optimole.com\/cb:ghTT.1f99\/w:auto\/h:auto\/q:mauto\/g:sm\/f:best\/https:\/\/www.fm.gov.om\/wp-content\/uploads\/Signing-8-800x533-1.jpeg\"  decoding=\"async\" class=\"aligncenter wp-image-96235 size-fusion-800\" src=\"data:image/svg+xml,%3Csvg%20viewBox%3D%220%200%20100%%20100%%22%20width%3D%22100%%22%20height%3D%22100%%22%20xmlns%3D%22http%3A%2F%2Fwww.w3.org%2F2000%2Fsvg%22%3E%3Crect%20width%3D%22100%%22%20height%3D%22100%%22%20fill%3D%22transparent%22%2F%3E%3C%2Fsvg%3E\" alt=\"His Majesty and Turkish President grace signing of Joint Declaration, Communique, Agreements\" width=\"800\" height=\"533\" \/><\/p>\n<p>This is an unofficial English version of an Arabic report. To view the official Arabic text, click <a href=\"https:\/\/www.fm.gov.om\/%d8%ac%d9%84%d8%a7%d9%84%d8%a9%d9%8f-%d8%a7%d9%84%d8%b3%d9%8f%d9%91%d9%84%d8%b7%d8%a7%d9%86-%d9%88%d8%a7%d9%84%d8%b1%d8%a6%d9%8a%d8%b3-%d8%a7%d9%84%d8%aa%d9%8f%d9%91%d8%b1%d9%83%d9%8a-%d9%8a%d8%b4\/?lang=ar\" target=\"_blank\" rel=\"noopener\">here<\/a>.<\/p>\n","protected":false},"excerpt":{"rendered":"<p>The signings included an agreement to establish the Omani-Turkish Coordination Council.<\/p>\n","protected":false},"author":1,"featured_media":29659,"comment_status":"closed","ping_status":"closed","sticky":false,"template":"","format":"standard","meta":{"_acf_changed":false,"footnotes":""},"categories":[76,111],"tags":[256,351],"class_list":["post-29658","post","type-post","status-publish","format-standard","has-post-thumbnail","hentry","category-news-posts-and-videos","category-news","tag-his-majesty-sultan-haitham-en","tag-turkiye-en"],"acf":[],"_links":{"self":[{"href":"https:\/\/www.fm.gov.om\/en\/wp-json\/wp\/v2\/posts\/29658","targetHints":{"allow":["GET"]}}],"collection":[{"href":"https:\/\/www.fm.gov.om\/en\/wp-json\/wp\/v2\/posts"}],"about":[{"href":"https:\/\/www.fm.gov.om\/en\/wp-json\/wp\/v2\/types\/post"}],"author":[{"embeddable":true,"href":"https:\/\/www.fm.gov.om\/en\/wp-json\/wp\/v2\/users\/1"}],"replies":[{"embeddable":true,"href":"https:\/\/www.fm.gov.om\/en\/wp-json\/wp\/v2\/comments?post=29658"}],"version-history":[{"count":2,"href":"https:\/\/www.fm.gov.om\/en\/wp-json\/wp\/v2\/posts\/29658\/revisions"}],"predecessor-version":[{"id":29971,"href":"https:\/\/www.fm.gov.om\/en\/wp-json\/wp\/v2\/posts\/29658\/revisions\/29971"}],"wp:featuredmedia":[{"embeddable":true,"href":"https:\/\/www.fm.gov.om\/en\/wp-json\/wp\/v2\/media\/29659"}],"wp:attachment":[{"href":"https:\/\/www.fm.gov.om\/en\/wp-json\/wp\/v2\/media?parent=29658"}],"wp:term":[{"taxonomy":"category","embeddable":true,"href":"https:\/\/www.fm.gov.om\/en\/wp-json\/wp\/v2\/categories?post=29658"},{"taxonomy":"post_tag","embeddable":true,"href":"https:\/\/www.fm.gov.om\/en\/wp-json\/wp\/v2\/tags?post=29658"}],"curies":[{"name":"wp","href":"https:\/\/api.w.org\/{rel}","templated":true}]}}