{"id":29615,"date":"2025-10-22T00:00:00","date_gmt":"2025-10-22T00:00:00","guid":{"rendered":"https:\/\/www.fm.gov.om\/29615\/"},"modified":"2025-12-31T12:20:17","modified_gmt":"2025-12-31T12:20:17","slug":"president-of-turkiye-arrives-in-oman","status":"publish","type":"post","link":"https:\/\/www.fm.gov.om\/en\/29615\/","title":{"rendered":"President of T\u00fcrkiye arrives in Oman"},"content":{"rendered":"<p>President Recep Tayyip Erdo\u011fan of the Republic of T\u00fcrkiye, and his spouse Emine Erdo\u011fan, arrived in Muscat today on a two-day state visit to the Sultanate of Oman.<\/p>\n<p><img data-opt-id=2095753206  fetchpriority=\"high\" decoding=\"async\" class=\"aligncenter wp-image-96035 size-fusion-800\" src=\"https:\/\/mlzlkxvcvliz.i.optimole.com\/cb:ghTT.1f99\/w:auto\/h:auto\/q:mauto\/g:sm\/f:best\/https:\/\/www.fm.gov.om\/wp-content\/uploads\/arrival-1-scaled-e1761154047171-800x806-1.jpeg\" alt=\"President of T\u00fcrkiye arrives in Oman\" width=\"800\" height=\"806\" \/><\/p>\n<p><a href=\"https:\/\/fm.gov.om\/about-oman\/state\/head-of-state\/\" target=\"_blank\" rel=\"noopener\">His Majesty Sultan Haitham bin Tarik<\/a> led the welcoming party for the Turkish President and his accompanying delegation. After the jet of President Erdo\u011fan touched down at the Royal Airport, His Majesty met the guest at the foot of the ramp, welcoming him and wishing him and the accompanying delegation a successful visit and a pleasant stay.<\/p>\n<p><img data-opt-id=1719706953  fetchpriority=\"high\" decoding=\"async\" class=\"wp-image-96034 size-fusion-800 aligncenter\" src=\"https:\/\/mlzlkxvcvliz.i.optimole.com\/cb:ghTT.1f99\/w:auto\/h:auto\/q:mauto\/g:sm\/f:best\/https:\/\/www.fm.gov.om\/wp-content\/uploads\/Turkey-5-800x533-1.jpeg\" alt=\"President of T\u00fcrkiye arrives in Oman\" width=\"800\" height=\"533\" \/><\/p>\n<p>Her Highness the Honourable Lady Assayida Ahd Abdullah Hamed Albusaidi, spouse of the Sultan of Oman also welcomed the Turkish President and his spouse upon their arrival.<\/p>\n<p>When the guest\u2019s jet entered Omani airspace, it was escorted by a squadron of military aircraft of the Royal Air Force of Oman until its arrival at the Royal Airport, in a manifestation of warm welcome for the guest.<\/p>\n<p>Along with His Majesty, President Erdo\u011fan was received by: His Highness Sayyid Shihab bin Tarik Al Said, Deputy Prime Minister for Defence Affairs; Sayyid Khalid bin Hilal Albusaidi, Minister of the Diwan of Royal Court, General Sultan bin Mohammed Al Nomani, Minister of the Royal Office; Sayyid Hamoud bin Faisal Albusaidi, Minister of Interior; <a href=\"https:\/\/www.fm.gov.om\/ministry\/about-us\/key-figures\/\" target=\"_blank\" rel=\"noopener\">Sayyid Badr bin Hamad Albusaidi, Foreign Minister;<\/a> Dr Madeeha bint Ahmed Al Shibani, Minister of Education; <a href=\"https:\/\/tejarah.gov.om\/en\/about\/who-we-are\" target=\"_blank\" rel=\"noopener\">Qais bin Mohamed Al Yousef, Minister of Commerce, Industry and Investment Promotion (Head of the Mission of Honour);<\/a>\u00a0<a href=\"https:\/\/www.fm.gov.om\/ankara\/\" target=\"_blank\" rel=\"noopener\">Saif Aljahwari, Ambassador of the Sultanate of Oman to the Republic of T\u00fcrkiye,<\/a> <a href=\"https:\/\/www.fm.gov.om\/ambassador-tr-embassy-in-om\/\" target=\"_blank\" rel=\"noopener\">Mehmet Hakimo\u011flu, Ambassador of the Republic of T\u00fcrkiye to the Sultanate of Oman,<\/a> members of the Mission of Honour and staff members of the Turkish Embassy in Muscat.<\/p>\n<p>His Majesty and the Turkish President then proceeded to the reception hall, passing between two rows of the guard of honour of the Royal Guard of Oman.<\/p>\n<p><img data-opt-id=215836407  data-opt-src=\"https:\/\/mlzlkxvcvliz.i.optimole.com\/cb:ghTT.1f99\/w:auto\/h:auto\/q:mauto\/g:sm\/f:best\/https:\/\/www.fm.gov.om\/wp-content\/uploads\/Turkey-3-800x533-1.jpeg\"  decoding=\"async\" class=\"aligncenter wp-image-96039 size-fusion-800\" src=\"data:image/svg+xml,%3Csvg%20viewBox%3D%220%200%20100%%20100%%22%20width%3D%22100%%22%20height%3D%22100%%22%20xmlns%3D%22http%3A%2F%2Fwww.w3.org%2F2000%2Fsvg%22%3E%3Crect%20width%3D%22100%%22%20height%3D%22100%%22%20fill%3D%22transparent%22%2F%3E%3C%2Fsvg%3E\" alt=\"President of T\u00fcrkiye arrives in Oman\" width=\"800\" height=\"533\" \/><\/p>\n<p>After a short stay, the motorcade of His Majesty the Sultan and his guest left the Royal Airport heading to Al Alam Palace for the official reception protocols.<\/p>\n<p>Prior to its arrival at Al Alam Palace, the motorcade was surrounded by a group of horse riders, to the accompaniment of a mounted military music band.<\/p>\n<p>When the official motorcade arrived at the internal courtyard of Al Alam Palace, the artillery fired a 21-gun salute for the President. Then the band of the Royal Guard of Oman played a welcoming fanfare.<\/p>\n<p><img data-opt-id=1358155642  data-opt-src=\"https:\/\/mlzlkxvcvliz.i.optimole.com\/cb:ghTT.1f99\/w:auto\/h:auto\/q:mauto\/g:sm\/f:best\/https:\/\/www.fm.gov.om\/wp-content\/uploads\/arrival-2-1-800x542-1.jpeg\"  decoding=\"async\" class=\"aligncenter wp-image-96041 size-fusion-800\" src=\"data:image/svg+xml,%3Csvg%20viewBox%3D%220%200%20100%%20100%%22%20width%3D%22100%%22%20height%3D%22100%%22%20xmlns%3D%22http%3A%2F%2Fwww.w3.org%2F2000%2Fsvg%22%3E%3Crect%20width%3D%22100%%22%20height%3D%22100%%22%20fill%3D%22transparent%22%2F%3E%3C%2Fsvg%3E\" alt=\"President of T\u00fcrkiye arrives in Oman\" width=\"800\" height=\"542\" \/><\/p>\n<p>After that, His Majesty the Sultan accompanied President Erdo\u011fan to the dais of honour where the national anthem of T\u00fcrkiye was played.<\/p>\n<p><img data-opt-id=2027331574  data-opt-src=\"https:\/\/mlzlkxvcvliz.i.optimole.com\/cb:ghTT.1f99\/w:auto\/h:auto\/q:mauto\/g:sm\/f:best\/https:\/\/www.fm.gov.om\/wp-content\/uploads\/arrival-3-1-800x633-1.jpeg\"  decoding=\"async\" class=\"aligncenter wp-image-96051 size-fusion-800\" src=\"data:image/svg+xml,%3Csvg%20viewBox%3D%220%200%20100%%20100%%22%20width%3D%22100%%22%20height%3D%22100%%22%20xmlns%3D%22http%3A%2F%2Fwww.w3.org%2F2000%2Fsvg%22%3E%3Crect%20width%3D%22100%%22%20height%3D%22100%%22%20fill%3D%22transparent%22%2F%3E%3C%2Fsvg%3E\" alt=\"President of T\u00fcrkiye arrives in Oman\" width=\"800\" height=\"633\" \/><\/p>\n<p>His Majesty then shook hands with members of the official delegation accompanying the Turkish President.<\/p>\n<p><img data-opt-id=1152308316  data-opt-src=\"https:\/\/mlzlkxvcvliz.i.optimole.com\/cb:ghTT.1f99\/w:auto\/h:auto\/q:mauto\/g:sm\/f:best\/https:\/\/www.fm.gov.om\/wp-content\/uploads\/arrival-4-1-800x533-1.jpeg\"  decoding=\"async\" class=\"aligncenter wp-image-96053 size-fusion-800\" src=\"data:image/svg+xml,%3Csvg%20viewBox%3D%220%200%20100%%20100%%22%20width%3D%22100%%22%20height%3D%22100%%22%20xmlns%3D%22http%3A%2F%2Fwww.w3.org%2F2000%2Fsvg%22%3E%3Crect%20width%3D%22100%%22%20height%3D%22100%%22%20fill%3D%22transparent%22%2F%3E%3C%2Fsvg%3E\" alt=\"President of T\u00fcrkiye arrives in Oman\" width=\"800\" height=\"533\" \/><\/p>\n<p><img data-opt-id=780246895  data-opt-src=\"https:\/\/mlzlkxvcvliz.i.optimole.com\/cb:ghTT.1f99\/w:auto\/h:auto\/q:mauto\/g:sm\/f:best\/https:\/\/www.fm.gov.om\/wp-content\/uploads\/arrival-5-1-800x545-1.jpeg\"  decoding=\"async\" class=\"aligncenter wp-image-96055 size-fusion-800\" src=\"data:image/svg+xml,%3Csvg%20viewBox%3D%220%200%20100%%20100%%22%20width%3D%22100%%22%20height%3D%22100%%22%20xmlns%3D%22http%3A%2F%2Fwww.w3.org%2F2000%2Fsvg%22%3E%3Crect%20width%3D%22100%%22%20height%3D%22100%%22%20fill%3D%22transparent%22%2F%3E%3C%2Fsvg%3E\" alt=\"President of T\u00fcrkiye arrives in Oman\" width=\"800\" height=\"545\" \/><\/p>\n<p>President Erdo\u011fan in turn shook hands with members of the Royal Family, Ministers and military commanders.<\/p>\n<p>During his visit, the President of T\u00fcrkiye is accompanied by an official delegation comprising: Necmettin Bilal Erdo\u011fan, son of the President; <a href=\"https:\/\/www.mfa.gov.tr\/minister-of-fa-info.en.mfa\" target=\"_blank\" rel=\"noopener\">Hakan Fidan, Foreign Minister;<\/a> Alparslan Bayraktar, Minister of Energy and Natural Resources; Yasar Guler, Minister of Defence; Mehmet Fatih Kac\u0131r, Minister of Industry and Technology; Omer Bolat, Minister of Trade and Mehmet Hakimo\u011flu, Turkey&#8217;s Ambassador to Oman.<\/p>\n<p>This is an unofficial English version of an Arabic report. To view the official Arabic text, click <a href=\"https:\/\/www.fm.gov.om\/%d8%a7%d9%84%d8%b1%d8%a6%d9%8a%d8%b3-%d8%a7%d9%84%d8%aa%d8%b1%d9%83%d9%8a-%d9%8a%d8%b5%d9%84-%d8%a5%d9%84%d9%89-%d8%b3%d9%84%d8%b7%d9%86%d8%a9-%d8%b9%d9%8f%d9%85%d8%a7%d9%86\/?lang=ar\" target=\"_blank\" rel=\"noopener\">here<\/a>.<\/p>\n","protected":false},"excerpt":{"rendered":"<p>His Majesty Sultan Haitham bin Tarik led the welcoming party for the Turkish President and his delegation.<\/p>\n","protected":false},"author":1,"featured_media":29617,"comment_status":"closed","ping_status":"closed","sticky":false,"template":"","format":"standard","meta":{"_acf_changed":false,"footnotes":""},"categories":[76,111],"tags":[256,351],"class_list":["post-29615","post","type-post","status-publish","format-standard","has-post-thumbnail","hentry","category-news-posts-and-videos","category-news","tag-his-majesty-sultan-haitham-en","tag-turkiye-en"],"acf":[],"_links":{"self":[{"href":"https:\/\/www.fm.gov.om\/en\/wp-json\/wp\/v2\/posts\/29615","targetHints":{"allow":["GET"]}}],"collection":[{"href":"https:\/\/www.fm.gov.om\/en\/wp-json\/wp\/v2\/posts"}],"about":[{"href":"https:\/\/www.fm.gov.om\/en\/wp-json\/wp\/v2\/types\/post"}],"author":[{"embeddable":true,"href":"https:\/\/www.fm.gov.om\/en\/wp-json\/wp\/v2\/users\/1"}],"replies":[{"embeddable":true,"href":"https:\/\/www.fm.gov.om\/en\/wp-json\/wp\/v2\/comments?post=29615"}],"version-history":[{"count":2,"href":"https:\/\/www.fm.gov.om\/en\/wp-json\/wp\/v2\/posts\/29615\/revisions"}],"predecessor-version":[{"id":29958,"href":"https:\/\/www.fm.gov.om\/en\/wp-json\/wp\/v2\/posts\/29615\/revisions\/29958"}],"wp:featuredmedia":[{"embeddable":true,"href":"https:\/\/www.fm.gov.om\/en\/wp-json\/wp\/v2\/media\/29617"}],"wp:attachment":[{"href":"https:\/\/www.fm.gov.om\/en\/wp-json\/wp\/v2\/media?parent=29615"}],"wp:term":[{"taxonomy":"category","embeddable":true,"href":"https:\/\/www.fm.gov.om\/en\/wp-json\/wp\/v2\/categories?post=29615"},{"taxonomy":"post_tag","embeddable":true,"href":"https:\/\/www.fm.gov.om\/en\/wp-json\/wp\/v2\/tags?post=29615"}],"curies":[{"name":"wp","href":"https:\/\/api.w.org\/{rel}","templated":true}]}}