{"id":29300,"date":"2025-10-06T00:00:00","date_gmt":"2025-10-06T00:00:00","guid":{"rendered":"https:\/\/www.fm.gov.om\/29300\/"},"modified":"2025-12-31T12:20:00","modified_gmt":"2025-12-31T12:20:00","slug":"administrative-undersecretary-meets-with-hungarys-foreign-minister","status":"publish","type":"post","link":"https:\/\/www.fm.gov.om\/en\/29300\/","title":{"rendered":"Administrative Undersecretary meets with Hungary\u2019s Foreign Minister"},"content":{"rendered":"<p><a href=\"https:\/\/fm.gov.om\/ministry\/about-us\/key-figures\/#Almuslahi\" target=\"_blank\" rel=\"noopener\">Sheikh Khalid Almuslahi, Foreign Ministry Undersecretary for Administrative and Financial Affairs,<\/a> met with<a href=\"https:\/\/2015-2019.kormany.hu\/en\/ministry-of-foreign-affairs-and-trade\/the-minister\" target=\"_blank\" rel=\"noopener\"> P\u00e9ter Szijj\u00e1rt\u00f3, Minister of Foreign Affairs and Trade of Hungary<\/a>, on the side lines of the 29th <a href=\"https:\/\/fm.gov.om\/policy\/multilateral-relations\/#GCC\" target=\"_blank\" rel=\"noopener\">GCC<\/a>\u2013<a href=\"https:\/\/european-union.europa.eu\/index_en\" target=\"_blank\" rel=\"noopener\">EU<\/a> Ministerial Council meeting held in Kuwait.<\/p>\n<p><img data-opt-id=124203849  fetchpriority=\"high\" decoding=\"async\" class=\"aligncenter wp-image-94175 size-fusion-800\" src=\"https:\/\/mlzlkxvcvliz.i.optimole.com\/cb:ghTT.1f99\/w:auto\/h:auto\/q:mauto\/g:sm\/f:best\/https:\/\/www.fm.gov.om\/wp-content\/uploads\/Hungary-2-800x533-1.jpg\" alt=\"Foreign Ministry Undersecretary for Administrative and Financial Affairs meets Hungary\u2019s Foreign Affairs Minister\" width=\"800\" height=\"533\" \/><\/p>\n<p>The meeting reviewed relations between Oman and Hungary and discussed ways to enhance cooperation in the economic and commercial fields. It also saw an exchange of views on regional and international issues of common interest.<\/p>\n<p>The meeting was attended by various officials from the Foreign Ministry.<\/p>\n<p>This is an unofficial English version of an Arabic report. To view the official Arabic text, click <a href=\"https:\/\/www.fm.gov.om\/%d9%88%d9%83%d9%8a%d9%84-%d9%88%d8%b2%d8%a7%d8%b1%d8%a9-%d8%a7%d9%84%d8%ae%d8%a7%d8%b1%d8%ac%d9%8a%d8%a9-%d9%84%d9%84%d8%b4%d8%a4%d9%88%d9%86-%d8%a7%d9%84%d8%a5%d8%af%d8%a7%d8%b1%d9%8a%d8%a9-%d9%88-15\/?lang=ar\" target=\"_blank\" rel=\"noopener\">here<\/a>.<\/p>\n","protected":false},"excerpt":{"rendered":"<p>The meeting reviewed relations between Oman and Hungary and discussed ways to enhance economic cooperation.<\/p>\n","protected":false},"author":1,"featured_media":29301,"comment_status":"closed","ping_status":"closed","sticky":false,"template":"","format":"standard","meta":{"_acf_changed":false,"footnotes":""},"categories":[76,111],"tags":[252,258,272],"class_list":["post-29300","post","type-post","status-publish","format-standard","has-post-thumbnail","hentry","category-news-posts-and-videos","category-news","tag-gcc-en","tag-hungary-en","tag-kuwait-en"],"acf":[],"_links":{"self":[{"href":"https:\/\/www.fm.gov.om\/en\/wp-json\/wp\/v2\/posts\/29300","targetHints":{"allow":["GET"]}}],"collection":[{"href":"https:\/\/www.fm.gov.om\/en\/wp-json\/wp\/v2\/posts"}],"about":[{"href":"https:\/\/www.fm.gov.om\/en\/wp-json\/wp\/v2\/types\/post"}],"author":[{"embeddable":true,"href":"https:\/\/www.fm.gov.om\/en\/wp-json\/wp\/v2\/users\/1"}],"replies":[{"embeddable":true,"href":"https:\/\/www.fm.gov.om\/en\/wp-json\/wp\/v2\/comments?post=29300"}],"version-history":[{"count":2,"href":"https:\/\/www.fm.gov.om\/en\/wp-json\/wp\/v2\/posts\/29300\/revisions"}],"predecessor-version":[{"id":29842,"href":"https:\/\/www.fm.gov.om\/en\/wp-json\/wp\/v2\/posts\/29300\/revisions\/29842"}],"wp:featuredmedia":[{"embeddable":true,"href":"https:\/\/www.fm.gov.om\/en\/wp-json\/wp\/v2\/media\/29301"}],"wp:attachment":[{"href":"https:\/\/www.fm.gov.om\/en\/wp-json\/wp\/v2\/media?parent=29300"}],"wp:term":[{"taxonomy":"category","embeddable":true,"href":"https:\/\/www.fm.gov.om\/en\/wp-json\/wp\/v2\/categories?post=29300"},{"taxonomy":"post_tag","embeddable":true,"href":"https:\/\/www.fm.gov.om\/en\/wp-json\/wp\/v2\/tags?post=29300"}],"curies":[{"name":"wp","href":"https:\/\/api.w.org\/{rel}","templated":true}]}}