{"id":20971,"date":"2025-01-08T00:00:00","date_gmt":"2025-01-08T00:00:00","guid":{"rendered":"https:\/\/www.fm.gov.om\/20971\/"},"modified":"2025-12-31T11:49:00","modified_gmt":"2025-12-31T11:49:00","slug":"uae-head-of-mission-receives-un-resident-coordinator","status":"publish","type":"post","link":"https:\/\/www.fm.gov.om\/en\/20971\/","title":{"rendered":"UAE : Head of Mission receives UN Resident Coordinator"},"content":{"rendered":"<p><a href=\"https:\/\/www.fm.gov.om\/abu-dhabi\/\" target=\"_blank\" rel=\"noopener\">Sayyid Dr Ahmed bin Hilal bin Saud Al Busaidi, Head of Oman&#8217;s Mission to the United Arab Emirates<\/a>, received <a href=\"https:\/\/unsdg.un.org\/un-in-action\/united-arab-emirates\" target=\"_blank\" rel=\"noopener\">B\u00e9rang\u00e8re Bo\u00ebll, United Nations Resident Coordinator in the United Arab Emirates<\/a>.<\/p>\n<p>The meeting included an exchange of views on regional and international developments, as well as discussions on issues of mutual interest.<\/p>\n","protected":false},"excerpt":{"rendered":"<p>Sayyid Dr Ahmed bin Hilal bin Saud Al Busaidi, Head of Oman&#8217;s Mission to the United Arab Emirates, received B\u00e9rang\u00e8re Bo\u00ebll, United Nations Resident Coordinator in the United Arab Emirates. The meeting included an exchange of views on regional and international developments, as well as discussions on issues of mutual interest.<\/p>\n","protected":false},"author":1,"featured_media":20469,"comment_status":"closed","ping_status":"closed","sticky":false,"template":"","format":"standard","meta":{"_acf_changed":false,"footnotes":""},"categories":[76,113],"tags":[353],"class_list":["post-20971","post","type-post","status-publish","format-standard","has-post-thumbnail","hentry","category-news-posts-and-videos","category-mission-news","tag-uae-en"],"acf":[],"_links":{"self":[{"href":"https:\/\/www.fm.gov.om\/en\/wp-json\/wp\/v2\/posts\/20971","targetHints":{"allow":["GET"]}}],"collection":[{"href":"https:\/\/www.fm.gov.om\/en\/wp-json\/wp\/v2\/posts"}],"about":[{"href":"https:\/\/www.fm.gov.om\/en\/wp-json\/wp\/v2\/types\/post"}],"author":[{"embeddable":true,"href":"https:\/\/www.fm.gov.om\/en\/wp-json\/wp\/v2\/users\/1"}],"replies":[{"embeddable":true,"href":"https:\/\/www.fm.gov.om\/en\/wp-json\/wp\/v2\/comments?post=20971"}],"version-history":[{"count":1,"href":"https:\/\/www.fm.gov.om\/en\/wp-json\/wp\/v2\/posts\/20971\/revisions"}],"predecessor-version":[{"id":21414,"href":"https:\/\/www.fm.gov.om\/en\/wp-json\/wp\/v2\/posts\/20971\/revisions\/21414"}],"wp:featuredmedia":[{"embeddable":true,"href":"https:\/\/www.fm.gov.om\/en\/wp-json\/wp\/v2\/media\/20469"}],"wp:attachment":[{"href":"https:\/\/www.fm.gov.om\/en\/wp-json\/wp\/v2\/media?parent=20971"}],"wp:term":[{"taxonomy":"category","embeddable":true,"href":"https:\/\/www.fm.gov.om\/en\/wp-json\/wp\/v2\/categories?post=20971"},{"taxonomy":"post_tag","embeddable":true,"href":"https:\/\/www.fm.gov.om\/en\/wp-json\/wp\/v2\/tags?post=20971"}],"curies":[{"name":"wp","href":"https:\/\/api.w.org\/{rel}","templated":true}]}}