{"id":19362,"date":"2024-11-28T00:00:00","date_gmt":"2024-11-28T00:00:00","guid":{"rendered":"https:\/\/www.fm.gov.om\/19362\/"},"modified":"2025-12-31T12:15:33","modified_gmt":"2025-12-31T12:15:33","slug":"his-majesty-and-turkish-president-hold-talks","status":"publish","type":"post","link":"https:\/\/www.fm.gov.om\/en\/19362\/","title":{"rendered":"His Majesty and Turkish President hold talks"},"content":{"rendered":"<p style=\"font-weight: 400;\">His Majesty Sultan Haitham bin Tarik and President Recep Tayyip Erdo\u011fan of the Republic of T\u00fcrkiye held an official session of talks at the Presidential complex in the capital Ankara today.<\/p>\n<p style=\"font-weight: 400;\">The two leaders discussed ways to promote the relations of historical friendship between Oman and T\u00fcrkiye and various spheres of cooperation and investment to serve the interests of the two countries.<\/p>\n<p><img data-opt-id=1654469835  fetchpriority=\"high\" decoding=\"async\" class=\"aligncenter wp-image-65997 size-fusion-800\" src=\"https:\/\/mlzlkxvcvliz.i.optimole.com\/cb:ghTT.1f99\/w:auto\/h:auto\/q:mauto\/g:sm\/f:best\/https:\/\/www.fm.gov.om\/wp-content\/uploads\/OmanTurkeytalks-3-800x533-1.jpeg\" alt=\"His Majesty and Turkish President lead talks \" width=\"800\" height=\"533\" \/><\/p>\n<p>&nbsp;<\/p>\n<p>They also exchanged views on a set of regional and international political developments.<\/p>\n<p>The talks were attended from Oman by Sayyid Shihab bin Tarik Al Said, Deputy Prime Minister for Defence Affairs; Sayyid Khalid bin Hilal Al Busaidi, Minister of the Diwan of Royal Court; Sayyid Badr bin Hamad Al Busaidi, Foreign Minister; Dr Hamad bin Said Al Aufi, Head of the Royal Office; Abdulsalam bin Mohammed Al Murshidi, Head of the Oman Investment Authority; Qais bin Mohammed Al Yousef, Minister of Commerce, Industry, and Investment Promotion; and Ambassador Saif bin Rashid Al Jahwari, Oman&#8217;s Ambassador to Turkey.<\/p>\n<p><img data-opt-id=1338378581  fetchpriority=\"high\" decoding=\"async\" class=\"wp-image-65999 size-fusion-800 aligncenter\" src=\"https:\/\/mlzlkxvcvliz.i.optimole.com\/cb:ghTT.1f99\/w:auto\/h:auto\/q:mauto\/g:sm\/f:best\/https:\/\/www.fm.gov.om\/wp-content\/uploads\/OmanTurkeytalks-2-800x533-1.jpeg\" alt=\"Oman Turkey talks 2\" width=\"800\" height=\"533\" \/><\/p>\n<p>The talks were attended from T\u00fcrkiye by: \u00a0Hakan Fidan, Minister of Foreign Affairs; Mehmet \u015eim\u015fek, Minister of Treasury and Finance; Ya\u015far G\u00fcler, Minister of Defence; Mehmet Fatih Kacir, Minister of Industry and Technology; \u00d6mer Bolat, Minister of Trade, Mehmet Hakimo\u011flu, Ambassador of the Republic of Turkiye to the Sultanate of Oman, and Fahrettin Altun, Head of Communications for the Presidency.<\/p>\n<p>This is an unofficial English version of an Arabic report. To view the official Arabic text,\u00a0click\u00a0here.<\/p>\n","protected":false},"excerpt":{"rendered":"<p>The two leaders discussed ways to promote relations between Oman and T\u00fcrkiye.<\/p>\n","protected":false},"author":1,"featured_media":19112,"comment_status":"closed","ping_status":"closed","sticky":false,"template":"","format":"standard","meta":{"_acf_changed":false,"footnotes":""},"categories":[76,111],"tags":[256,351],"class_list":["post-19362","post","type-post","status-publish","format-standard","has-post-thumbnail","hentry","category-news-posts-and-videos","category-news","tag-his-majesty-sultan-haitham-en","tag-turkiye-en"],"acf":[],"_links":{"self":[{"href":"https:\/\/www.fm.gov.om\/en\/wp-json\/wp\/v2\/posts\/19362","targetHints":{"allow":["GET"]}}],"collection":[{"href":"https:\/\/www.fm.gov.om\/en\/wp-json\/wp\/v2\/posts"}],"about":[{"href":"https:\/\/www.fm.gov.om\/en\/wp-json\/wp\/v2\/types\/post"}],"author":[{"embeddable":true,"href":"https:\/\/www.fm.gov.om\/en\/wp-json\/wp\/v2\/users\/1"}],"replies":[{"embeddable":true,"href":"https:\/\/www.fm.gov.om\/en\/wp-json\/wp\/v2\/comments?post=19362"}],"version-history":[{"count":1,"href":"https:\/\/www.fm.gov.om\/en\/wp-json\/wp\/v2\/posts\/19362\/revisions"}],"predecessor-version":[{"id":19363,"href":"https:\/\/www.fm.gov.om\/en\/wp-json\/wp\/v2\/posts\/19362\/revisions\/19363"}],"wp:featuredmedia":[{"embeddable":true,"href":"https:\/\/www.fm.gov.om\/en\/wp-json\/wp\/v2\/media\/19112"}],"wp:attachment":[{"href":"https:\/\/www.fm.gov.om\/en\/wp-json\/wp\/v2\/media?parent=19362"}],"wp:term":[{"taxonomy":"category","embeddable":true,"href":"https:\/\/www.fm.gov.om\/en\/wp-json\/wp\/v2\/categories?post=19362"},{"taxonomy":"post_tag","embeddable":true,"href":"https:\/\/www.fm.gov.om\/en\/wp-json\/wp\/v2\/tags?post=19362"}],"curies":[{"name":"wp","href":"https:\/\/api.w.org\/{rel}","templated":true}]}}