{"id":19355,"date":"2024-11-27T00:00:00","date_gmt":"2024-11-27T00:00:00","guid":{"rendered":"https:\/\/www.fm.gov.om\/19355\/"},"modified":"2026-04-30T07:48:57","modified_gmt":"2026-04-30T07:48:57","slug":"oman-and-turkiye-a-relationship-on-a-fruitful-path-to-the-future","status":"publish","type":"post","link":"https:\/\/www.fm.gov.om\/en\/19355\/","title":{"rendered":"Oman and T\u00fcrkiye: a relationship on a fruitful path to the future"},"content":{"rendered":"<p>The state visit of <a href=\"https:\/\/www.fm.gov.om\/en\/about-oman\/state\/head-of-state\/\" target=\"_blank\" rel=\"noopener\">His Majesty Sultan Haitham bin Tarik<\/a> to T\u00fcrkiye and his meeting with President Recep Tayyip Erdo\u011fan, underscore the commitment of both nations&#8217; leadership to fostering mutual interests and expanding avenues of collaboration.<\/p>\n<p>The Sultanate of Oman and the Republic of T\u00fcrkiye look forward to achieving further milestones in bilateral relations and strengthening cooperation in trade, investment, culture and academic matters, as they mark 50 years of diplomatic ties, which began in June 1973.<\/p>\n<h4>Historical and Diplomatic Relations<\/h4>\n<p>Oman and T\u00fcrkiye enjoy deep-rooted diplomatic ties and a long, shared history. Oman&#8217;s Embassy in the Turkish capital Ankara was established in 1985, followed by T\u00fcrkiye&#8217;s embassy in Muscat in 1986.<\/p>\n<p>Historically, relations go back to the 16th century, built on a solid foundation of mutual respect and cooperation. In recent years these ties have grown significantly across various sectors.<\/p>\n<p><img data-opt-id=2020221433  fetchpriority=\"high\" decoding=\"async\" class=\"aligncenter wp-image-65753 size-fusion-800\" src=\"https:\/\/mlzlkxvcvliz.i.optimole.com\/cb:ghTT.1f99\/w:auto\/h:auto\/q:mauto\/g:sm\/f:best\/https:\/\/www.fm.gov.om\/wp-content\/uploads\/6745c3687b0b0-800x450-1.jpeg\" alt=\"\u0633\u0644\u0637\u0646\u0629\u064f \u0639\u064f\u0645\u0627\u0646 \u0648\u062a\u0631\u0643\u064a\u0627.. \u0645\u0633\u064a\u0631\u0629\u064c \u0645\u062b\u0645\u0631\u0629\u064c \u0645\u0646 \u0627\u0644\u0639\u0644\u0627\u0642\u0627\u062a \u0627\u0644\u062b\u064f\u0651\u0646\u0627\u0626\u064a\u0651\u0629 \" width=\"800\" height=\"450\" \/><\/p>\n<h4>Economic and Trade Relations<\/h4>\n<p>Trade between Oman and T\u00fcrkiye continues to grow, reaching more than 210 million Omani Rials (USD 56 million) in the first eight months of 2024 &#8211; a 4% rise compared the same period in 2023.<\/p>\n<p>The number of Turkish businesses operating in Oman rose to 423 by the end of 2023, with a combined investment value exceeding 100 million Omani Rials (USD 267 million). These companies operate in sectors such as construction, trade, industry, and logistics.<\/p>\n<p>Omani investments in T\u00fcrkiye include 36 companies with total investments of about 75 million Omani Rials (USD 195 million).<\/p>\n<p><img data-opt-id=1021058295  fetchpriority=\"high\" decoding=\"async\" class=\"wp-image-65748 size-fusion-800 aligncenter\" src=\"https:\/\/mlzlkxvcvliz.i.optimole.com\/cb:ghTT.1f99\/w:auto\/h:auto\/q:mauto\/g:sm\/f:best\/https:\/\/www.fm.gov.om\/wp-content\/uploads\/6745c6f587035-800x450-1.png\" alt=\"\" width=\"800\" height=\"450\" \/><\/p>\n<h4>Investment Collaboration<\/h4>\n<p><a href=\"https:\/\/www.fm.gov.om\/ankara\/\" target=\"_blank\" rel=\"noopener\">Oman&#8217;s Embassy in Ankara<\/a> organised a workshop in December to promote investment opportunities in Oman, attracting Turkish entrepreneurs.<\/p>\n<p>The Oman Investment Authority holds a strategic stake in Kumport Terminal in Istanbul, a key gateway for consumer goods.<\/p>\n<p>This year \u00a0<a href=\"https:\/\/www.fm.gov.om\/en\/12845\/\" target=\"_blank\" rel=\"noopener\">Oman LNG Company signed an agreement with T\u00fcrkiye&#8217;s BOTAS<\/a> to export liquefied natural gas, marking Oman&#8217;s entry into the Turkish market, which holds strategic significance for global energy.<\/p>\n<p>T\u00fcrkiye and Oman are also exploring the establishment of a Turkish industrial zone in Duqm, leveraging Oman&#8217;s strategic location as a gateway to South Asia and East Africa. This project is expected to create jobs, enhance production, and bolster bilateral economic ties.<\/p>\n<p>The Joint Omani Turkish Committee is a key driver of economic, trade and technical relations between the two countries.<\/p>\n<p>At its last meeting in November, 2022 in Ankara a cooperation protocol was signed between the two friendly countries.<\/p>\n<p>As part of <a href=\"https:\/\/www.oman2040.om\/?lang=en\" target=\"_blank\" rel=\"noopener\">Oman Vision 2040<\/a>, Oman is prioritising non-oil industries, offering vast opportunities for Turkish businesses. Potential sectors for cooperation include renewable energy, logistics, tourism, agriculture, and manufacturing.<\/p>\n<p>Oman is seeking to attract Turkish investments and create diverse partnerships to support the national economy and provide an opportunity to benefit from the expertise and capabilities of Turkish companies, within the strategic framework of Oman Vision 2040 to diversify the economy and open its doors to investment.<\/p>\n<p>The next meeting of the Committee is scheduled to be held in Muscat in December, where it will follow up on strengthening trade, technical and investment relations.<\/p>\n<p><img data-opt-id=253601066  data-opt-src=\"https:\/\/mlzlkxvcvliz.i.optimole.com\/cb:ghTT.1f99\/w:auto\/h:auto\/q:mauto\/g:sm\/f:best\/https:\/\/www.fm.gov.om\/wp-content\/uploads\/6745c3686a6f9-800x527-1.png\"  decoding=\"async\" class=\"aligncenter wp-image-65758 size-fusion-800\" src=\"data:image/svg+xml,%3Csvg%20viewBox%3D%220%200%20100%%20100%%22%20width%3D%22100%%22%20height%3D%22100%%22%20xmlns%3D%22http%3A%2F%2Fwww.w3.org%2F2000%2Fsvg%22%3E%3Crect%20width%3D%22100%%22%20height%3D%22100%%22%20fill%3D%22transparent%22%2F%3E%3C%2Fsvg%3E\" alt=\"\u0648\u064a\u0628\u0644\u063a \u0639\u062f\u062f \u0627\u0644\u0634\u0631\u0643\u0627\u062a \u0627\u0644\u062a\u064a \u0623\u0633\u0651\u0633\u0647\u0627 \u0645\u0648\u0627\u0637\u0646\u0648\u0646 \u0639\u064f\u0645\u0627\u0646\u064a\u0648\u0646 \u0641\u064a \u062c\u0645\u0647\u0648\u0631\u064a\u0629 \u062a\u0631\u0643\u064a\u0627 \u062d\u0648\u0627\u0644\u064a 36 \u0634\u0631\u0643\u0629\" width=\"800\" height=\"527\" \/><\/p>\n<h4>Tourism, Education and Culture<\/h4>\n<p>Oman and T\u00fcrkiye aim to boost tourism cooperation through joint events and initiatives. Around 95,000 Omanis visited T\u00fcrkiye in 2023.<\/p>\n<p>In education, the two nations have signed agreements to exchange scholarships and boost academic collaboration, including the establishment of a Yunus Emre Institute in Muscat and Turkish language courses at Sultan Qaboos University.<\/p>\n<p>In 2010, the Sultanate of Oman and the Republic of T\u00fcrkiye signed a memorandum of understanding for cooperation in the field of archives, represented by the National Records and Archives Authority in the Sultanate of Oman and the General Directorate of State Archives of the Turkish Prime Ministry.<\/p>\n<p>Oman&#8217;s historical cultural ties with T\u00fcrkiye were highlighted through archival projects, such as publications documenting 370 years of relations with the Ottoman Empire.<\/p>\n<p>A recent documentary exhibition, &#8220;Memory of a Nation,&#8221; showcased the depth of Oman-T\u00fcrkiye relations.<\/p>\n<h4>A bright outlook<\/h4>\n<p><img data-opt-id=2028252424  data-opt-src=\"https:\/\/mlzlkxvcvliz.i.optimole.com\/cb:ghTT.1f99\/w:auto\/h:auto\/q:mauto\/g:sm\/f:best\/https:\/\/www.fm.gov.om\/wp-content\/uploads\/6745c3687e31c-e1732800776791-300x252-1.jpeg\"  decoding=\"async\" class=\"wp-image-65751 size-medium alignright\" src=\"data:image/svg+xml,%3Csvg%20viewBox%3D%220%200%20100%%20100%%22%20width%3D%22100%%22%20height%3D%22100%%22%20xmlns%3D%22http%3A%2F%2Fwww.w3.org%2F2000%2Fsvg%22%3E%3Crect%20width%3D%22100%%22%20height%3D%22100%%22%20fill%3D%22transparent%22%2F%3E%3C%2Fsvg%3E\" alt=\"Oman's Ambassador to Turkey, Sheikh Saif bin Rashid Al Jahwari\" width=\"300\" height=\"252\" \/><\/p>\n<p>Statements released by leading figures ahead of His Majesty\u2019s visit, bear witness to the atmosphere of optimism created \u00a0by the new era that now beckons in relations between Oman and T\u00fcrkiye.<\/p>\n<p><a href=\"https:\/\/www.fm.gov.om\/ankara\/\" target=\"_blank\" rel=\"noopener\">Oman&#8217;s Ambassador to T\u00fcrkiye, Sheikh Saif bin Rashid Al Jahwari,<\/a> says that His Majesty&#8217;s visit will open a new chapter in bilateral relations, with the signing of agreements spanning energy, defence, trade, health, and education.<\/p>\n<p>He adds that this historic visit, the first of its kind in four decades, coincides with T\u00fcrkiye&#8217;s centenary celebrations and aligns with President Erdo\u011fan&#8217;s &#8220;Century of T\u00fcrkiye&#8221; vision.<\/p>\n<p><img data-opt-id=463705242  data-opt-src=\"https:\/\/mlzlkxvcvliz.i.optimole.com\/cb:ghTT.1f99\/w:auto\/h:auto\/q:mauto\/g:sm\/f:best\/https:\/\/www.fm.gov.om\/wp-content\/uploads\/6745c36890146-e1732801390554-200x216-1.jpeg\"  decoding=\"async\" class=\"wp-image-65746 size-fusion-200 alignleft\" src=\"data:image/svg+xml,%3Csvg%20viewBox%3D%220%200%20100%%20100%%22%20width%3D%22100%%22%20height%3D%22100%%22%20xmlns%3D%22http%3A%2F%2Fwww.w3.org%2F2000%2Fsvg%22%3E%3Crect%20width%3D%22100%%22%20height%3D%22100%%22%20fill%3D%22transparent%22%2F%3E%3C%2Fsvg%3E\" alt=\"Dr Muhammad Hakim Oglu, Turkey\u2019s Ambassador to Oman \" width=\"200\" height=\"216\" \/><a href=\"https:\/\/www.fm.gov.om\/ambassador-tr-embassy-in-om\/\" target=\"_blank\" rel=\"noopener\">Dr Muhammet Hekimo\u011flu, T\u00fcrkiye\u2019s Ambassador to Oman<\/a> says the Sultanate\u2019s drive to give priority to developing non oil commercial and industrial activities is a great opportunity for T\u00fcrkiye.<\/p>\n<p>He notes that Oman is the only country in the Gulf region that has open ports offering a major hub that provides great possibilities for Turkish exports to access the markets of South Asia and East Africa<\/p>\n<p>He adds that the agreements which will be signed during the visit will contribute to strengthening and accelerating bilateral relations, which will enhance cooperation between Oman and T\u00fcrkiye in all fields.<\/p>\n<p><img data-opt-id=2114431639  data-opt-src=\"https:\/\/mlzlkxvcvliz.i.optimole.com\/cb:ghTT.1f99\/w:auto\/h:auto\/q:mauto\/g:sm\/f:best\/https:\/\/www.fm.gov.om\/wp-content\/uploads\/6745cd320fd02-e1732801780449-200x137-1.jpeg\"  decoding=\"async\" class=\"wp-image-65742 size-fusion-200 alignright\" src=\"data:image/svg+xml,%3Csvg%20viewBox%3D%220%200%20100%%20100%%22%20width%3D%22100%%22%20height%3D%22100%%22%20xmlns%3D%22http%3A%2F%2Fwww.w3.org%2F2000%2Fsvg%22%3E%3Crect%20width%3D%22100%%22%20height%3D%22100%%22%20fill%3D%22transparent%22%2F%3E%3C%2Fsvg%3E\" alt=\"\u0633\u0639\u0627\u062f\u0629\u064f \u0641\u064a\u0635\u0644 \u0628\u0646 \u0639\u0628\u062f \u0627\u0644\u0644\u0647 \u0627\u0644\u0631\u0648\u0627\u0633 \u0631\u0626\u064a\u0633 \u0645\u062c\u0644\u0633 \u0625\u062f\u0627\u0631\u0629 \u063a\u0631\u0641\u0629 \u062a\u062c\u0627\u0631\u0629 \u0648\u0635\u0646\u0627\u0639\u0629 \u0639\u064f\u0645\u0627\u0646\" width=\"200\" height=\"137\" \/>Faisal Al Rawas, Chairman of the <a href=\"https:\/\/omanchamber.om\/\" target=\"_blank\" rel=\"noopener\">Oman Chamber of Commerce and Industry (OCCI)<\/a>, says that economic cooperation between Oman and T\u00fcrkiye has achieved significant growth in recent years.<\/p>\n<p>He adds that the visit will allow Turkish and Omani companies to explore opportunities for fruitful cooperation within a facilitated economic and investment framework, supporting sustainable economic growth, providing job opportunities and enhancing innovation.<\/p>\n<p><img data-opt-id=37881994  data-opt-src=\"https:\/\/mlzlkxvcvliz.i.optimole.com\/cb:ghTT.1f99\/w:auto\/h:auto\/q:mauto\/g:sm\/f:best\/https:\/\/www.fm.gov.om\/wp-content\/uploads\/6745c36897ae2-150x150-1.jpeg\"  decoding=\"async\" class=\"wp-image-65740 size-thumbnail alignleft\" src=\"data:image/svg+xml,%3Csvg%20viewBox%3D%220%200%20100%%20100%%22%20width%3D%22100%%22%20height%3D%22100%%22%20xmlns%3D%22http%3A%2F%2Fwww.w3.org%2F2000%2Fsvg%22%3E%3Crect%20width%3D%22100%%22%20height%3D%22100%%22%20fill%3D%22transparent%22%2F%3E%3C%2Fsvg%3E\" alt=\"\u0631\u0626\u064a\u0633 \u0644\u062c\u0646\u0629 \u0627\u0644\u0639\u0644\u0627\u0642\u0627\u062a \u0627\u0644\u062a\u0631\u0643\u064a\u0629 \u0627\u0644\u0639\u064f\u0645\u0627\u0646\u064a\u0629 \u0641\u064a \u0645\u062c\u0644\u0633 \u0627\u0644\u0623\u0639\u0645\u0627\u0644 \u0627\u0644\u0627\u0642\u062a\u0635\u0627\u062f\u064a\u0629 \u064a\u0648\u0646\u0633 \u0623\u062a\u0647\" width=\"150\" height=\"150\" \/><br \/>\nYunus Ateh, Chairman of the <a href=\"https:\/\/www.deik.org.tr\/turkiye-middle-eastern-and-gulf-business-councils-turkiye-oman-business-council?pm=28\" target=\"_blank\" rel=\"noopener\">Turkish Omani Relations Committee at the Economic Business Council<\/a>, says Turkish-Omani relations have developed in recent years in an unprecedented manner, based on long years of friendship and joint cooperation.<\/p>\n<p>He adds that the campaign launched by President Erdogan to strengthen relations with the Gulf countries has prioritised relations with the Sultanate whose strategic Oman Vision 2040 intersects with T\u00fcrkiye&#8217;s vision.<\/p>\n<p>In summary then, the visit of His Majesty Sultan Haitham bin Tarik to T\u00fcrkiye is a testament to the strong and enduring relationship between the two nations. It is expected to pave the way for strategic partnerships, benefiting both countries and fostering mutual prosperity.<\/p>\n<p>This is an unofficial English version of an Arabic report. To view the original Arabic text, click <a href=\"https:\/\/www.fm.gov.om\/hzmn\" target=\"_blank\" rel=\"noopener\">here<\/a>.<\/p>\n<p>&nbsp;<\/p>\n<p>&nbsp;<\/p>\n","protected":false},"excerpt":{"rendered":"<p>Why His Majesty&#8217;s visit to T\u00fcrkiye is expected to pave the way for strategic partnerships, benefiting both countries.<\/p>\n","protected":false},"author":1,"featured_media":19077,"comment_status":"closed","ping_status":"closed","sticky":false,"template":"","format":"standard","meta":{"_acf_changed":false,"footnotes":""},"categories":[76,112],"tags":[351],"class_list":["post-19355","post","type-post","status-publish","format-standard","has-post-thumbnail","hentry","category-news-posts-and-videos","category-news-plus","tag-turkiye-en"],"acf":[],"_links":{"self":[{"href":"https:\/\/www.fm.gov.om\/en\/wp-json\/wp\/v2\/posts\/19355","targetHints":{"allow":["GET"]}}],"collection":[{"href":"https:\/\/www.fm.gov.om\/en\/wp-json\/wp\/v2\/posts"}],"about":[{"href":"https:\/\/www.fm.gov.om\/en\/wp-json\/wp\/v2\/types\/post"}],"author":[{"embeddable":true,"href":"https:\/\/www.fm.gov.om\/en\/wp-json\/wp\/v2\/users\/1"}],"replies":[{"embeddable":true,"href":"https:\/\/www.fm.gov.om\/en\/wp-json\/wp\/v2\/comments?post=19355"}],"version-history":[{"count":2,"href":"https:\/\/www.fm.gov.om\/en\/wp-json\/wp\/v2\/posts\/19355\/revisions"}],"predecessor-version":[{"id":43922,"href":"https:\/\/www.fm.gov.om\/en\/wp-json\/wp\/v2\/posts\/19355\/revisions\/43922"}],"wp:featuredmedia":[{"embeddable":true,"href":"https:\/\/www.fm.gov.om\/en\/wp-json\/wp\/v2\/media\/19077"}],"wp:attachment":[{"href":"https:\/\/www.fm.gov.om\/en\/wp-json\/wp\/v2\/media?parent=19355"}],"wp:term":[{"taxonomy":"category","embeddable":true,"href":"https:\/\/www.fm.gov.om\/en\/wp-json\/wp\/v2\/categories?post=19355"},{"taxonomy":"post_tag","embeddable":true,"href":"https:\/\/www.fm.gov.om\/en\/wp-json\/wp\/v2\/tags?post=19355"}],"curies":[{"name":"wp","href":"https:\/\/api.w.org\/{rel}","templated":true}]}}