{"id":19349,"date":"2024-11-27T00:00:00","date_gmt":"2024-11-27T00:00:00","guid":{"rendered":"https:\/\/www.fm.gov.om\/19349\/"},"modified":"2025-12-31T12:15:31","modified_gmt":"2025-12-31T12:15:31","slug":"his-majesty-to-visit-turkiye","status":"publish","type":"post","link":"https:\/\/www.fm.gov.om\/en\/19349\/","title":{"rendered":"His Majesty to visit T\u00fcrkiye"},"content":{"rendered":"<p><a href=\"https:\/\/www.fm.gov.om\/about-oman\/state\/head-of-state\/\" target=\"_blank\" rel=\"noopener\">His Majesty Sultan Haitham bin Tarik<\/a> will go on a state visit to the Republic of T\u00fcrkiye this Thursday.<\/p>\n<p>A statement issued by the Diwan of Royal Court reads as follows:<\/p>\n<p>\u201cWithin the context of the advanced relations between the Sultanate of Oman and the Republic of T\u00fcrkiye and the keenness to promote areas of cooperation and pushing them towards wider horizons, His Majesty Sultan Haitham bin Tarik will go on a state visit to T\u00fcrkiye with effect from Thursday, November 28, 2024, in response to an invitation from President Recep Tayyip Erdo\u011fan of the Republic of T\u00fcrkiye.<\/p>\n<p>&#8220;The visit will explore aspects of the existing cooperation in various spheres to serve the two countries\u2019 interests and meet their aspirations. The two leaders will exchange views on a set of regional and international developments.<\/p>\n<p>&#8220;During the visit, His Majesty the Sultan will be accompanied by a high ranking official delegation comprising His Highness Sayyid Shihab bin Tarik Al Said, Deputy Prime Minister for Defence Affairs; His Highness Sayyid Nabigh bin Talal Al Said; Sayyid Khalid bin Hilal Al Busaidi, Minister of the Diwan of Royal Court; <a href=\"https:\/\/www.fm.gov.om\/ministry\/about-us\/key-figures\/\" target=\"_blank\" rel=\"noopener\">Sayyid Badr bin Hamad Al Busaidi, Foreign Minister<\/a>; Dr Hamad bin Said Al Aufi, Head of the Private Office; Abdussalam bin Mohammed Al Murshidi, President of Oman Investment Authority; Qais bin Mohammed Al Yousef, Minister of Commerce, Industry and Investment Promotion and <a href=\"https:\/\/www.fm.gov.om\/ankara\/\" target=\"_blank\" rel=\"noopener\">Saif bin Rashid Aljahwari, Ambassador of the Sultanate of Oman to the Republic of T\u00fcrkiye<\/a>.<\/p>\n<p>May the Almighty Allah protect His Majesty the Sultan in his journeys and grant him success for the good of his people and nation!\u201d<\/p>\n","protected":false},"excerpt":{"rendered":"<p>The visit aims to promote areas of cooperation between Oman and T\u00fcrkiye.<\/p>\n","protected":false},"author":1,"featured_media":9271,"comment_status":"closed","ping_status":"closed","sticky":false,"template":"","format":"standard","meta":{"_acf_changed":false,"footnotes":""},"categories":[76,111],"tags":[256,351],"class_list":["post-19349","post","type-post","status-publish","format-standard","has-post-thumbnail","hentry","category-news-posts-and-videos","category-news","tag-his-majesty-sultan-haitham-en","tag-turkiye-en"],"acf":[],"_links":{"self":[{"href":"https:\/\/www.fm.gov.om\/en\/wp-json\/wp\/v2\/posts\/19349","targetHints":{"allow":["GET"]}}],"collection":[{"href":"https:\/\/www.fm.gov.om\/en\/wp-json\/wp\/v2\/posts"}],"about":[{"href":"https:\/\/www.fm.gov.om\/en\/wp-json\/wp\/v2\/types\/post"}],"author":[{"embeddable":true,"href":"https:\/\/www.fm.gov.om\/en\/wp-json\/wp\/v2\/users\/1"}],"replies":[{"embeddable":true,"href":"https:\/\/www.fm.gov.om\/en\/wp-json\/wp\/v2\/comments?post=19349"}],"version-history":[{"count":1,"href":"https:\/\/www.fm.gov.om\/en\/wp-json\/wp\/v2\/posts\/19349\/revisions"}],"predecessor-version":[{"id":33171,"href":"https:\/\/www.fm.gov.om\/en\/wp-json\/wp\/v2\/posts\/19349\/revisions\/33171"}],"wp:featuredmedia":[{"embeddable":true,"href":"https:\/\/www.fm.gov.om\/en\/wp-json\/wp\/v2\/media\/9271"}],"wp:attachment":[{"href":"https:\/\/www.fm.gov.om\/en\/wp-json\/wp\/v2\/media?parent=19349"}],"wp:term":[{"taxonomy":"category","embeddable":true,"href":"https:\/\/www.fm.gov.om\/en\/wp-json\/wp\/v2\/categories?post=19349"},{"taxonomy":"post_tag","embeddable":true,"href":"https:\/\/www.fm.gov.om\/en\/wp-json\/wp\/v2\/tags?post=19349"}],"curies":[{"name":"wp","href":"https:\/\/api.w.org\/{rel}","templated":true}]}}